{"id":1645,"date":"2025-03-27T07:46:06","date_gmt":"2025-03-27T07:46:06","guid":{"rendered":"https:\/\/blueitfuture.com\/?p=1645"},"modified":"2025-03-27T07:46:07","modified_gmt":"2025-03-27T07:46:07","slug":"karbon-ayak-izi-azaltimi","status":"publish","type":"post","link":"https:\/\/blueitfuture.com\/2025\/03\/27\/karbon-ayak-izi-azaltimi\/","title":{"rendered":"Karbon Ayak \u0130zi Azalt\u0131m\u0131 Nas\u0131l Ger\u00e7ekle\u015fir?"},"content":{"rendered":"<p class=\"wp-block-paragraph\" style=\"\"><strong>Karbon ayak izi azalt&#305;m&#305;<\/strong>, d&uuml;nya genelinde iklim de&#287;i&#351;ikli&#287;i ve &ccedil;evre kirlili&#287;i ile m&uuml;cadele i&ccedil;in at&#305;lacak en &ouml;nemli ad&#305;mlardan biridir. Her birimizin g&uuml;nl&uuml;k ya&#351;am&#305;nda ger&ccedil;ekle&#351;tirdi&#287;i her eylem, dolayl&#305; ya da do&#287;rudan &ccedil;evre &uuml;zerinde bir etki b&#305;rak&#305;r. Bu etkilerin &ccedil;o&#287;u, karbon dioksit (CO2) ve di&#287;er sera gazlar&#305;n&#305;n atmosfere sal&#305;nmas&#305; ile ger&ccedil;ekle&#351;ir. Bu yaz&#305;da, karbon ayak izi azalt&#305;m&#305; konusunda alabilece&#287;iniz etkili ad&#305;mlar&#305; ve bu &ccedil;aban&#305;n <strong><a href=\"https:\/\/blueitfuture.com\/en\/2025\/03\/25\/kurumsal-surdurulebilirlik-su-yonetimi\/\">kurumsal s&uuml;rd&uuml;r&uuml;lebilirlik<\/a><\/strong> hedefleri ile nas&#305;l uyumlu hale getirilebilece&#287;ini ele alaca&#287;&#305;z.<\/p>\n\n\n<h2 class=\"wp-block-heading\" data-block-type=\"core\" id=\"karbon-ayak-icc87zi-nedir\"><strong>Karbon Ayak &#304;zi Nedir?<\/strong><\/h2>\n\n\n<p class=\"wp-block-paragraph\" style=\"\">Karbon ayak izi, bir ki&#351;inin, bir organizasyonun veya bir &uuml;r&uuml;n&uuml;n atmosferdeki sera gazlar&#305;n&#305; salma miktar&#305;n&#305; ifade eder. <strong>&Ccedil;evresel sorumluluk<\/strong>, yaln&#305;zca geri d&ouml;n&uuml;&#351;&uuml;m yapmak veya enerjiyi tasarruflu kullanmakla s&#305;n&#305;rl&#305; de&#287;ildir. Karbon ayak izimizi anlamak, daha geni&#351; bir perspektifte &ccedil;evreye olan etkimizi de&#287;erlendirmek i&ccedil;in &ouml;nemlidir.<\/p>\n\n\n<p class=\"wp-block-paragraph\" style=\"\"><strong>Karbon ayak izi<\/strong>, esasen her &#351;eyin bir &#8220;karbon maliyeti&#8221; oldu&#287;u fikriyle ba&#287;lant&#305;l&#305;d&#305;r. Elektrik t&uuml;ketimi, ula&#351;&#305;m, &uuml;retim s&uuml;re&ccedil;leri ve t&uuml;ketime dayal&#305; her bir faaliyet, do&#287;rudan ya da dolayl&#305; olarak atmosfere CO2 sal&#305;n&#305;m&#305;na yol a&ccedil;ar. <a href=\"https:\/\/yalova.csb.gov.tr\/karbon-ayak-izi-nedir-haber-42218\" target=\"_blank\" rel=\"noopener\">Karbon ayak izini <\/a>azaltmak i&ccedil;in at&#305;lacak her ad&#305;m, &ccedil;evreyi koruma noktas&#305;nda kritik bir rol oynar.<\/p>\n\n\n<h2 class=\"wp-block-heading\" data-block-type=\"core\" id=\"karbon-ayak-icc87zini-azaltmanc4b1n-yollarc4b1\"><strong>Karbon Ayak &#304;zini Azaltman&#305;n Yollar&#305;<\/strong><\/h2>\n\n\n<h3 class=\"wp-block-heading\" data-block-type=\"core\" id=\"1-enerji-verimlilic49fini-artc4b1rmak\"><strong>1. Enerji Verimlili&#287;ini Art&#305;rmak<\/strong><\/h3>\n\n\n<figure class=\"wp-block-image alignright size-full\" data-block-type=\"core\" style=\"\"><img loading=\"lazy\" decoding=\"async\" width=\"464\" height=\"223\" src=\"https:\/\/blueitfuture.com\/wp-content\/uploads\/2025\/03\/image-1.png\" alt=\"karbon ayak izi azalt&#305;m&#305;nda yenilenebilir enerji kaynaklar&#305;\" class=\"wp-image-1648\" srcset=\"https:\/\/blueitfuture.com\/wp-content\/uploads\/2025\/03\/image-1.png 464w, https:\/\/blueitfuture.com\/wp-content\/uploads\/2025\/03\/image-1-300x144.png 300w, https:\/\/blueitfuture.com\/wp-content\/uploads\/2025\/03\/image-1-18x9.png 18w\" sizes=\"auto, (max-width: 464px) 100vw, 464px\" \/><figcaption class=\"wp-element-caption\"><a href=\"https:\/\/www.elektrikrehberiniz.com\/enerji\/yenilenebilir-enerji-kaynaklari-nelerdir-7113\/\" target=\"_blank\" rel=\"noopener\">Resim 1: Yenilenebilir Enerji Kaynaklar&#305; <\/a><\/figcaption><\/figure>\n\n\n<p class=\"wp-block-paragraph\" style=\"\">G&uuml;n&uuml;m&uuml;zde kullan&#305;lan enerji t&uuml;rlerinin &ccedil;o&#287;u fosil yak&#305;tlara dayanmaktad&#305;r. Bu yak&#305;tlar, <strong>karbon ayak izi azalt&#305;m&#305;<\/strong> s&uuml;recinde en b&uuml;y&uuml;k sorumlulardan biridir. Bu y&uuml;zden, enerjiyi daha verimli kullanmak, karbon emisyonlar&#305;n&#305; azaltmada en etkili yollardan biridir. &#304;&#351;letmeler, <strong>kurumsal s&uuml;rd&uuml;r&uuml;lebilirlik<\/strong> hedeflerine ula&#351;mak i&ccedil;in enerji t&uuml;ketimini g&ouml;zden ge&ccedil;irebilirler. Yenilenebilir enerji kaynaklar&#305;na ge&ccedil;i&#351;, fosil yak&#305;t kullan&#305;m&#305;n&#305; azalt&#305;r ve karbonsuz bir &uuml;retim s&uuml;reci yarat&#305;r.<br><\/p>\n\n\n<h3 class=\"wp-block-heading\" data-block-type=\"core\" id=\"2-ulac59fc4b1m-ve-tac59fc4b1ma-alc4b1c59fkanlc4b1klarc4b1nc4b1-gc3b6zden-gec3a7irmek\"><strong>2. Ula&#351;&#305;m ve Ta&#351;&#305;ma Al&#305;&#351;kanl&#305;klar&#305;n&#305; G&ouml;zden Ge&ccedil;irmek<\/strong><\/h3>\n\n\n<p class=\"wp-block-paragraph\" style=\"\">Ula&#351;&#305;m, bireylerin ve i&#351;letmelerin karbon ayak izini art&#305;ran b&uuml;y&uuml;k bir fakt&ouml;rd&uuml;r. &Ouml;zellikle uzun mesafe seyahatleri ve fosil yak&#305;tlarla &ccedil;al&#305;&#351;an ara&ccedil;lar bu durumu k&ouml;r&uuml;kler. <strong>&Ccedil;evresel sorumluluk<\/strong> &ccedil;er&ccedil;evesinde, elektrikli ara&ccedil;lar&#305;n kullan&#305;m&#305;, toplu ta&#351;&#305;ma se&ccedil;enekleri veya bisiklet gibi daha &ccedil;evre dostu alternatifler tercih edilebilir. Bu, hem bireysel hem de kurumsal olarak b&uuml;y&uuml;k fark yaratabilir.<\/p>\n\n\n<h3 class=\"wp-block-heading\" data-block-type=\"core\" id=\"3-atc4b1k-yc3b6netimi\"><strong>3. At&#305;k Y&ouml;netimi<\/strong><\/h3>\n\n\n<p class=\"wp-block-paragraph\" style=\"\">At&#305;klar, karbon emisyonlar&#305;n&#305;n bir ba&#351;ka kayna&#287;&#305;d&#305;r. Geri d&ouml;n&uuml;&#351;&uuml;m, at&#305;klar&#305;n azalt&#305;lmas&#305; ve organik at&#305;klar&#305;n kompostlanmas&#305;, karbon ayak izinin d&uuml;&#351;&uuml;r&uuml;lmesine yard&#305;mc&#305; olabilir. &Ouml;zellikle i&#351; yerlerinde ve &uuml;retim s&uuml;re&ccedil;lerinde at&#305;k y&ouml;netimi stratejileri belirlemek, <strong>kurumsal s&uuml;rd&uuml;r&uuml;lebilirlik<\/strong> hedeflerinin &ouml;nemli bir par&ccedil;as&#305;d&#305;r. At&#305;klar&#305;n d&uuml;zenli olarak ayr&#305;&#351;t&#305;r&#305;lmas&#305; ve geri d&ouml;n&uuml;&#351;&uuml;m sistemlerinin entegrasyonu, karbon emisyonlar&#305;n&#305; minimize etmek i&ccedil;in kritik bir ad&#305;md&#305;r.<\/p>\n\n\n<h3 class=\"wp-block-heading\" data-block-type=\"core\" id=\"4-sc4b1fc4b1r-atc4b1k-ve-tasarruflu-c3bcretim-sc3bcrec3a7leri\"><strong>4. S&#305;f&#305;r At&#305;k ve Tasarruflu &Uuml;retim S&uuml;re&ccedil;leri<\/strong><\/h3>\n\n\n<p class=\"wp-block-paragraph\" style=\"\">&Uuml;retim s&uuml;re&ccedil;leri, enerji t&uuml;ketiminin en yo&#287;un oldu&#287;u alanlard&#305;r. <strong>&Ccedil;evresel sorumluluk<\/strong> ta&#351;&#305;yan i&#351;letmeler, malzeme kullan&#305;m&#305;n&#305; minimize etmeli ve <strong>karbon ayak izi azalt&#305;m&#305;<\/strong> i&ccedil;in daha &ccedil;evre dostu &uuml;retim y&ouml;ntemlerine y&ouml;nelmelidir. Bu, yaln&#305;zca karbon emisyonlar&#305;n&#305; azaltmakla kalmaz, ayn&#305; zamanda maliyetleri de d&uuml;&#351;&uuml;r&uuml;r.<\/p>\n\n\n<p class=\"wp-block-paragraph\" style=\"\">S&#305;f&#305;r at&#305;k felsefesi, malzeme ve enerji verimlili&#287;i ile &ccedil;evresel etkileri en aza indirgemeyi ama&ccedil;layan bir yakla&#351;&#305;md&#305;r. &Uuml;retim s&uuml;re&ccedil;lerinde at&#305;klar&#305;n azalt&#305;lmas&#305;, do&#287;al kaynaklar&#305;n daha verimli kullan&#305;lmas&#305;n&#305; sa&#287;lar.<\/p>\n\n\n<h3 class=\"wp-block-heading\" data-block-type=\"core\" id=\"5-tarc4b1m-ve-gc4b1da-tc3bcketimi\"><strong>5. Tar&#305;m ve G&#305;da T&uuml;ketimi<\/strong><\/h3>\n\n\n<p class=\"wp-block-paragraph\" style=\"\">Tar&#305;m sekt&ouml;r&uuml; de b&uuml;y&uuml;k miktarda sera gaz&#305; sal&#305;n&#305;m&#305;na neden olmaktad&#305;r. G&#305;da &uuml;retiminin &ccedil;evreye olan etkisi, &ouml;zellikle hayvansal &uuml;r&uuml;nlerin &uuml;retimiyle ba&#287;lant&#305;l&#305;d&#305;r. Daha az et ve s&uuml;t &uuml;r&uuml;nleri t&uuml;ketmek, &ccedil;evre &uuml;zerindeki karbon ayak izini ciddi &#351;ekilde azaltabilir. Ayr&#305;ca, yerel ve organik &uuml;r&uuml;nlere y&ouml;nelmek, ta&#351;&#305;ma kaynakl&#305; karbon emisyonlar&#305;n&#305; azalt&#305;r.<\/p>\n\n\n<h3 class=\"wp-block-heading\" data-block-type=\"core\" id=\"6-sc3bcrdc3bcrc3bclebilir-c3bcrc3bcn-ve-hizmetler-sunmak\"><strong>6. S&uuml;rd&uuml;r&uuml;lebilir &Uuml;r&uuml;n ve Hizmetler Sunmak<\/strong><\/h3>\n\n\n<p class=\"wp-block-paragraph\" style=\"\">&#304;&#351;letmeler, &uuml;r&uuml;nlerini tasarlarken ve hizmetlerini sunarken &ccedil;evre dostu &ccedil;&ouml;z&uuml;mleri &ouml;n planda tutmal&#305;d&#305;r. Geri d&ouml;n&uuml;&#351;t&uuml;r&uuml;lebilir malzemelerin kullan&#305;m&#305;, &uuml;retim s&uuml;re&ccedil;lerinin optimize edilmesi ve &ccedil;evre dostu ambalajlar, hem t&uuml;keticinin &ccedil;evreye olan duyarl&#305;l&#305;&#287;&#305;n&#305; art&#305;r&#305;r hem de i&#351;letmelerin karbon ayak izini azaltmalar&#305;na yard&#305;mc&#305; olur.<\/p>\n\n\n<h2 class=\"wp-block-heading\" data-block-type=\"core\" id=\"kurumsal-sc3bcrdc3bcrc3bclebilirlikte-karbon-ayak-icc87zi-azaltc4b1mc4b1\">\n<strong>Kurumsal S&uuml;rd&uuml;r&uuml;lebilirlikte Karbon Ayak &#304;zi<\/strong> Azalt&#305;m&#305;<\/h2>\n\n\n<p class=\"wp-block-paragraph\" style=\"\"><strong>Kurumsal s&uuml;rd&uuml;r&uuml;lebilirlik<\/strong>, i&#351; d&uuml;nyas&#305;nda &ccedil;evresel ve sosyal sorumluluk bilincinin artt&#305;&#287;&#305; bir d&ouml;nemde, i&#351;letmelerin daha uzun vadeli d&uuml;&#351;&uuml;nerek &ccedil;evreye olan etkilerini en aza indirme hedefidir. Bu hedefler, sadece &#351;irketin itibar&#305;n&#305; y&uuml;kseltmekle kalmaz, ayn&#305; zamanda uzun vadeli karl&#305;l&#305;&#287;&#305; da art&#305;r&#305;r. &Ccedil;evresel sorumluluk bilinci ile yap&#305;lan her yat&#305;r&#305;m, i&#351;letmelerin gelece&#287;ini g&uuml;vence alt&#305;na al&#305;rken, toplumlar&#305;n ve gezegenin de korunmas&#305;na katk&#305; sa&#287;lar.<\/p>\n\n\n<p class=\"wp-block-paragraph\" style=\"\">&#304;&#351;letmeler, karbon ayak izini azaltma &ccedil;abalar&#305;na ba&#351;lamadan &ouml;nce, <strong>karbon ayak izi<\/strong> hesaplama s&uuml;re&ccedil;lerini ba&#351;latmal&#305;d&#305;r. Bu s&uuml;re&ccedil;, her bir operasyonun karbon emisyonlar&#305;yla ba&#287;lant&#305;l&#305; oldu&#287;u t&uuml;m ad&#305;mlar&#305; analiz etmeyi gerektirir. Bu analizler, &#351;irketin ne kadar karbonsuz bir s&uuml;re&ccedil; olu&#351;turdu&#287;unu belirlemenize yard&#305;mc&#305; olur.<\/p>\n\n\n<p class=\"wp-block-paragraph\" style=\"\"><strong>Karbon ayak izi azalt&#305;m&#305;<\/strong>, yaln&#305;zca bireylerin de&#287;il, t&uuml;m organizasyonlar&#305;n ve devletlerin &uuml;zerinde sorumluluk ta&#351;&#305;d&#305;&#287;&#305; bir konu haline gelmi&#351;tir. Karbon ayak izini azaltmak i&ccedil;in at&#305;lacak her ad&#305;m, &ccedil;evrenin korunmas&#305;na katk&#305; sa&#287;larken, <strong>kurumsal s&uuml;rd&uuml;r&uuml;lebilirlik<\/strong> ve <strong>&ccedil;evresel sorumluluk<\/strong> hedeflerinin de ger&ccedil;ekle&#351;tirilebilmesine yard&#305;mc&#305; olur. Hem bireyler <a href=\"https:\/\/blueitfuture.com\/en\/2025\/02\/28\/esg-raporlama-nedir\/\">hem de i&#351;letmeler<\/a>, g&uuml;nl&uuml;k ya&#351;amlar&#305;nda &ccedil;evreye duyarl&#305; tercihler yaparak bu k&uuml;resel sorunun &ccedil;&ouml;z&uuml;lmesine katk&#305; sa&#287;layabilirler.<\/p>\n\n\n<p class=\"wp-block-paragraph\" style=\"\">Yap&#305;lacak k&uuml;&ccedil;&uuml;k de&#287;i&#351;iklikler, uzun vadede b&uuml;y&uuml;k etkiler yaratabilir. Her ad&#305;m, karbon ayak izimizi azaltmaya y&ouml;nelik bir katk&#305; sa&#287;lar. Bu sorumluluk, yaln&#305;zca bireysel de&#287;il, k&uuml;resel &ouml;l&ccedil;ekte bir de&#287;i&#351;im yaratabilir.<br><br>Karbon ayak izine benzer &#351;ekilde ortaya &ccedil;&#305;kan <strong><a href=\"https:\/\/blueitfuture.com\/en\/2025\/03\/19\/su-ayak-izi-yonetimi-nasil-yapilir\/\">su ayak izi<\/a><\/strong>, insan faaliyetlerinin su kaynaklar&#305; &uuml;zerindeki etkisini &ouml;l&ccedil;mek i&ccedil;in geli&#351;tirilmi&#351;tir. <a href=\"https:\/\/blueitfuture.com\/en\/2025\/02\/20\/ab-mavi-mutabakati-nedir\/\">Avrupa Birli&#287;i&rsquo;nin <strong>Blue Deal<\/strong><\/a> giri&#351;imi, suyun s&uuml;rd&uuml;r&uuml;lebilir kullan&#305;m&#305;n&#305; te&#351;vik ederek bu kavram&#305;n daha geni&#351; kitleler taraf&#305;ndan benimsenmesini sa&#287;lam&#305;&#351;t&#305;r. <strong><a href=\"https:\/\/blueitfuture.com\/en\/neden\/\">Blueit<\/a><\/strong>, su ayak izi hesaplama ve su s&uuml;rd&uuml;r&uuml;lebilirli&#287;i dan&#305;&#351;manl&#305;&#287;&#305; hizmetleriyle i&#351;letmelerin ve bireylerin su t&uuml;ketimlerini optimize etmelerine, &ccedil;evresel etkilerini azaltmalar&#305;na ve AB&rsquo;nin s&uuml;rd&uuml;r&uuml;lebilirlik hedefleriyle uyumlu ad&#305;mlar atmalar&#305;na yard&#305;mc&#305; olur. <\/p>\n\n\n<p class=\"wp-block-paragraph\" style=\"\">Sizler de kurumsal s&uuml;rd&uuml;r&uuml;lebilirli&#287;i &ouml;nemsiyor ve i&#351;letmenizde &ccedil;evresel ad&#305;mlar atmak istiyorsan&#305;z, bizimle ileti&#351;ime ge&ccedil;ebilirsiniz!<br><a href=\"https:\/\/blueitfuture.com\/en\/iletisim\/\">https:\/\/blueitfuture.com\/iletisim\/<\/a><\/p>\n\n\n<p class=\"wp-block-paragraph\" style=\"\"><\/p>","protected":false},"excerpt":{"rendered":"<p>Karbon ayak izi azalt\u0131m\u0131, d\u00fcnya genelinde iklim de\u011fi\u015fikli\u011fi ve \u00e7evre kirlili\u011fi ile m\u00fccadele i\u00e7in at\u0131lacak en \u00f6nemli ad\u0131mlardan biridir. Her birimizin g\u00fcnl\u00fck ya\u015fam\u0131nda ger\u00e7ekle\u015ftirdi\u011fi her eylem, dolayl\u0131 ya da do\u011frudan \u00e7evre \u00fczerinde bir etki b\u0131rak\u0131r. Bu yaz\u0131da, karbon ayak izi azalt\u0131m\u0131 konusunda alabilece\u011finiz etkili ad\u0131mlar\u0131 ve bu \u00e7aban\u0131n kurumsal s\u00fcrd\u00fcr\u00fclebilirlik hedefleri ile nas\u0131l uyumlu hale getirilebilece\u011fini ele alaca\u011f\u0131z.<\/p>","protected":false},"author":2,"featured_media":1647,"comment_status":"open","ping_status":"open","sticky":false,"template":"","format":"standard","meta":{"footnotes":""},"categories":[15],"tags":[98,21,18,77,80,87,66],"class_list":["post-1645","post","type-post","status-publish","format-standard","has-post-thumbnail","hentry","category-iklim","tag-cevresel-sorumluluk","tag-climate-change","tag-dongusel-ekonomi","tag-esg","tag-karbon-ayak-izi","tag-kurumsal-surdurulebilirlik","tag-surdurulebilirlik"],"_links":{"self":[{"href":"https:\/\/blueitfuture.com\/en\/wp-json\/wp\/v2\/posts\/1645","targetHints":{"allow":["GET"]}}],"collection":[{"href":"https:\/\/blueitfuture.com\/en\/wp-json\/wp\/v2\/posts"}],"about":[{"href":"https:\/\/blueitfuture.com\/en\/wp-json\/wp\/v2\/types\/post"}],"author":[{"embeddable":true,"href":"https:\/\/blueitfuture.com\/en\/wp-json\/wp\/v2\/users\/2"}],"replies":[{"embeddable":true,"href":"https:\/\/blueitfuture.com\/en\/wp-json\/wp\/v2\/comments?post=1645"}],"version-history":[{"count":1,"href":"https:\/\/blueitfuture.com\/en\/wp-json\/wp\/v2\/posts\/1645\/revisions"}],"predecessor-version":[{"id":1649,"href":"https:\/\/blueitfuture.com\/en\/wp-json\/wp\/v2\/posts\/1645\/revisions\/1649"}],"wp:featuredmedia":[{"embeddable":true,"href":"https:\/\/blueitfuture.com\/en\/wp-json\/wp\/v2\/media\/1647"}],"wp:attachment":[{"href":"https:\/\/blueitfuture.com\/en\/wp-json\/wp\/v2\/media?parent=1645"}],"wp:term":[{"taxonomy":"category","embeddable":true,"href":"https:\/\/blueitfuture.com\/en\/wp-json\/wp\/v2\/categories?post=1645"},{"taxonomy":"post_tag","embeddable":true,"href":"https:\/\/blueitfuture.com\/en\/wp-json\/wp\/v2\/tags?post=1645"}],"curies":[{"name":"wp","href":"https:\/\/api.w.org\/{rel}","templated":true}]}}